{"id":41055,"date":"2026-09-03T14:47:05","date_gmt":"2026-09-03T14:47:05","guid":{"rendered":"https:\/\/myice.hockey\/deb-head-of-coaches\/"},"modified":"2026-09-03T14:49:53","modified_gmt":"2026-09-03T14:49:53","slug":"deb-head-of-coaches","status":"publish","type":"post","link":"https:\/\/myice.hockey\/fr\/deb-head-of-coaches\/","title":{"rendered":"DEB Head of Coaches"},"content":{"rendered":"<p><span data-sheets-root=\"1\">Le fil conducteur pour ta rel\u00e8ve \u2013 sans surcharge administrative !<\/p>\n<p>Avec sa nouvelle formation de \u00ab Head of Coaches \u00bb, la DEB fait un grand pas en avant vers une promotion durable de la rel\u00e8ve. \u00c0 partir de la saison 2027\/2028, cette fonction fera partie int\u00e9grante du programme 5 \u00e9toiles.<br \/>\nMais pour que le nouveau responsable sportif puisse agir sur la glace et aupr\u00e8s des entra\u00eeneurs, plut\u00f4t que de se noyer dans des listes Excel, il faut une structure num\u00e9rique adapt\u00e9e.<br \/>\nC\u2019est exactement l\u00e0 qu\u2019intervient My Ice Hockey. V\u00e9ritable centre de contr\u00f4le num\u00e9rique, la plateforme garantit une transparence totale dans la planification des entra\u00eenements, documente les tests de performance et soulage l\u2019ensemble du club de la charge administrative li\u00e9e \u00e0 la certification \u00ab \u00e9toiles \u00bb.<br \/>\nTu auras ainsi plus de temps pour ce qui compte vraiment : le d\u00e9veloppement des jeunes sur la glace !<\/p>\n<p>Offre estivale exclusive : jusqu\u2019au <strong>30 septembre 2026<\/strong>, offre \u00e0 ton club une <strong>r\u00e9duction de 10 %<\/strong> sur la licence de club la premi\u00e8re ann\u00e9e avec le code \u00ab <strong>MIH-DEB-5Sterne<\/strong> \u00bb.<\/p>\n<p><\/span><\/p>\n<p>&nbsp;<\/p>\n","protected":false},"excerpt":{"rendered":"<p>Le fil conducteur pour ta rel\u00e8ve \u2013 sans surcharge administrative ! Avec sa nouvelle formation de \u00ab Head of Coaches \u00bb, la DEB fait un grand pas en avant vers une promotion durable de la rel\u00e8ve. \u00c0 partir de la saison 2027\/2028, cette fonction fera partie int\u00e9grante du programme 5 \u00e9toiles. Mais pour que le [&hellip;]<\/p>\n","protected":false},"author":9,"featured_media":41050,"comment_status":"closed","ping_status":"open","sticky":false,"template":"","format":"standard","meta":{"_exactmetrics_skip_tracking":false,"_exactmetrics_sitenote_active":false,"_exactmetrics_sitenote_note":"","_exactmetrics_sitenote_category":0},"categories":[37],"tags":[],"yoast_head":"<!-- This site is optimized with the Yoast SEO plugin v20.10 - https:\/\/yoast.com\/wordpress\/plugins\/seo\/ -->\n<title>DEB Head of Coaches - My Ice Hockey<\/title>\n<meta name=\"robots\" content=\"index, follow, max-snippet:-1, max-image-preview:large, max-video-preview:-1\" \/>\n<link rel=\"canonical\" href=\"https:\/\/myice.hockey\/fr\/deb-head-of-coaches\/\" \/>\n<meta property=\"og:locale\" content=\"fr_FR\" \/>\n<meta property=\"og:type\" content=\"article\" \/>\n<meta property=\"og:title\" content=\"DEB Head of Coaches - My Ice Hockey\" \/>\n<meta property=\"og:description\" content=\"Le fil conducteur pour ta rel\u00e8ve \u2013 sans surcharge administrative ! Avec sa nouvelle formation de \u00ab Head of Coaches \u00bb, la DEB fait un grand pas en avant vers une promotion durable de la rel\u00e8ve. \u00c0 partir de la saison 2027\/2028, cette fonction fera partie int\u00e9grante du programme 5 \u00e9toiles. Mais pour que le [&hellip;]\" \/>\n<meta property=\"og:url\" content=\"https:\/\/myice.hockey\/fr\/deb-head-of-coaches\/\" \/>\n<meta property=\"og:site_name\" content=\"My Ice Hockey\" \/>\n<meta property=\"article:publisher\" content=\"https:\/\/www.facebook.com\/MyIceHockey\/\" \/>\n<meta property=\"article:published_time\" content=\"2026-09-03T14:47:05+00:00\" \/>\n<meta property=\"article:modified_time\" content=\"2026-09-03T14:49:53+00:00\" \/>\n<meta name=\"author\" content=\"Elena Petrova\" \/>\n<meta name=\"twitter:card\" content=\"summary_large_image\" \/>\n<meta name=\"twitter:creator\" content=\"@myicehockey\" \/>\n<meta name=\"twitter:site\" content=\"@myicehockey\" \/>\n<meta name=\"twitter:label1\" content=\"\u00c9crit par\" \/>\n\t<meta name=\"twitter:data1\" content=\"Elena Petrova\" \/>\n\t<meta name=\"twitter:label2\" content=\"Dur\u00e9e de lecture estim\u00e9e\" \/>\n\t<meta name=\"twitter:data2\" content=\"1 minute\" \/>\n<script type=\"application\/ld+json\" class=\"yoast-schema-graph\">{\"@context\":\"https:\/\/schema.org\",\"@graph\":[{\"@type\":\"Article\",\"@id\":\"https:\/\/myice.hockey\/fr\/deb-head-of-coaches\/#article\",\"isPartOf\":{\"@id\":\"https:\/\/myice.hockey\/fr\/deb-head-of-coaches\/\"},\"author\":{\"name\":\"Elena Petrova\",\"@id\":\"https:\/\/myice.hockey\/fr\/#\/schema\/person\/20e4edc855bbd8f42c0099cf42e3e696\"},\"headline\":\"DEB Head of Coaches\",\"datePublished\":\"2026-09-03T14:47:05+00:00\",\"dateModified\":\"2026-09-03T14:49:53+00:00\",\"mainEntityOfPage\":{\"@id\":\"https:\/\/myice.hockey\/fr\/deb-head-of-coaches\/\"},\"wordCount\":184,\"publisher\":{\"@id\":\"https:\/\/myice.hockey\/fr\/#organization\"},\"articleSection\":[\"Produits\"],\"inLanguage\":\"fr-FR\"},{\"@type\":\"WebPage\",\"@id\":\"https:\/\/myice.hockey\/fr\/deb-head-of-coaches\/\",\"url\":\"https:\/\/myice.hockey\/fr\/deb-head-of-coaches\/\",\"name\":\"DEB Head of Coaches - My Ice Hockey\",\"isPartOf\":{\"@id\":\"https:\/\/myice.hockey\/fr\/#website\"},\"datePublished\":\"2026-09-03T14:47:05+00:00\",\"dateModified\":\"2026-09-03T14:49:53+00:00\",\"breadcrumb\":{\"@id\":\"https:\/\/myice.hockey\/fr\/deb-head-of-coaches\/#breadcrumb\"},\"inLanguage\":\"fr-FR\",\"potentialAction\":[{\"@type\":\"ReadAction\",\"target\":[\"https:\/\/myice.hockey\/fr\/deb-head-of-coaches\/\"]}]},{\"@type\":\"BreadcrumbList\",\"@id\":\"https:\/\/myice.hockey\/fr\/deb-head-of-coaches\/#breadcrumb\",\"itemListElement\":[{\"@type\":\"ListItem\",\"position\":1,\"name\":\"Home\",\"item\":\"https:\/\/myice.hockey\/fr\/\"},{\"@type\":\"ListItem\",\"position\":2,\"name\":\"DEB Head of Coaches\"}]},{\"@type\":\"WebSite\",\"@id\":\"https:\/\/myice.hockey\/fr\/#website\",\"url\":\"https:\/\/myice.hockey\/fr\/\",\"name\":\"My Ice Hockey\",\"description\":\"My Ice Hockey - From Coach to Coach\",\"publisher\":{\"@id\":\"https:\/\/myice.hockey\/fr\/#organization\"},\"potentialAction\":[{\"@type\":\"SearchAction\",\"target\":{\"@type\":\"EntryPoint\",\"urlTemplate\":\"https:\/\/myice.hockey\/fr\/?s={search_term_string}\"},\"query-input\":\"required name=search_term_string\"}],\"inLanguage\":\"fr-FR\"},{\"@type\":\"Organization\",\"@id\":\"https:\/\/myice.hockey\/fr\/#organization\",\"name\":\"myice hockey\",\"url\":\"https:\/\/myice.hockey\/fr\/\",\"logo\":{\"@type\":\"ImageObject\",\"inLanguage\":\"fr-FR\",\"@id\":\"https:\/\/myice.hockey\/fr\/#\/schema\/logo\/image\/\",\"url\":\"https:\/\/myice.hockey\/wp-content\/uploads\/logo-header.png\",\"contentUrl\":\"https:\/\/myice.hockey\/wp-content\/uploads\/logo-header.png\",\"width\":440,\"height\":508,\"caption\":\"myice hockey\"},\"image\":{\"@id\":\"https:\/\/myice.hockey\/fr\/#\/schema\/logo\/image\/\"},\"sameAs\":[\"https:\/\/www.facebook.com\/MyIceHockey\/\",\"https:\/\/twitter.com\/myicehockey\",\"https:\/\/www.instagram.com\/myicehockey\/\",\"https:\/\/www.youtube.com\/channel\/UC46lQwPzfjtjxZ20LjcgiNA\/featured\"]},{\"@type\":\"Person\",\"@id\":\"https:\/\/myice.hockey\/fr\/#\/schema\/person\/20e4edc855bbd8f42c0099cf42e3e696\",\"name\":\"Elena Petrova\",\"image\":{\"@type\":\"ImageObject\",\"inLanguage\":\"fr-FR\",\"@id\":\"https:\/\/myice.hockey\/fr\/#\/schema\/person\/image\/\",\"url\":\"https:\/\/secure.gravatar.com\/avatar\/8ceb29a62bafa772f866079b23170f6b?s=96&d=mm&r=g\",\"contentUrl\":\"https:\/\/secure.gravatar.com\/avatar\/8ceb29a62bafa772f866079b23170f6b?s=96&d=mm&r=g\",\"caption\":\"Elena Petrova\"},\"url\":\"https:\/\/myice.hockey\/fr\/author\/elena\/\"}]}<\/script>\n<!-- \/ Yoast SEO plugin. -->","yoast_head_json":{"title":"DEB Head of Coaches - My Ice Hockey","robots":{"index":"index","follow":"follow","max-snippet":"max-snippet:-1","max-image-preview":"max-image-preview:large","max-video-preview":"max-video-preview:-1"},"canonical":"https:\/\/myice.hockey\/fr\/deb-head-of-coaches\/","og_locale":"fr_FR","og_type":"article","og_title":"DEB Head of Coaches - My Ice Hockey","og_description":"Le fil conducteur pour ta rel\u00e8ve \u2013 sans surcharge administrative ! Avec sa nouvelle formation de \u00ab Head of Coaches \u00bb, la DEB fait un grand pas en avant vers une promotion durable de la rel\u00e8ve. \u00c0 partir de la saison 2027\/2028, cette fonction fera partie int\u00e9grante du programme 5 \u00e9toiles. Mais pour que le [&hellip;]","og_url":"https:\/\/myice.hockey\/fr\/deb-head-of-coaches\/","og_site_name":"My Ice Hockey","article_publisher":"https:\/\/www.facebook.com\/MyIceHockey\/","article_published_time":"2026-09-03T14:47:05+00:00","article_modified_time":"2026-09-03T14:49:53+00:00","author":"Elena Petrova","twitter_card":"summary_large_image","twitter_creator":"@myicehockey","twitter_site":"@myicehockey","twitter_misc":{"\u00c9crit par":"Elena Petrova","Dur\u00e9e de lecture estim\u00e9e":"1 minute"},"schema":{"@context":"https:\/\/schema.org","@graph":[{"@type":"Article","@id":"https:\/\/myice.hockey\/fr\/deb-head-of-coaches\/#article","isPartOf":{"@id":"https:\/\/myice.hockey\/fr\/deb-head-of-coaches\/"},"author":{"name":"Elena Petrova","@id":"https:\/\/myice.hockey\/fr\/#\/schema\/person\/20e4edc855bbd8f42c0099cf42e3e696"},"headline":"DEB Head of Coaches","datePublished":"2026-09-03T14:47:05+00:00","dateModified":"2026-09-03T14:49:53+00:00","mainEntityOfPage":{"@id":"https:\/\/myice.hockey\/fr\/deb-head-of-coaches\/"},"wordCount":184,"publisher":{"@id":"https:\/\/myice.hockey\/fr\/#organization"},"articleSection":["Produits"],"inLanguage":"fr-FR"},{"@type":"WebPage","@id":"https:\/\/myice.hockey\/fr\/deb-head-of-coaches\/","url":"https:\/\/myice.hockey\/fr\/deb-head-of-coaches\/","name":"DEB Head of Coaches - My Ice Hockey","isPartOf":{"@id":"https:\/\/myice.hockey\/fr\/#website"},"datePublished":"2026-09-03T14:47:05+00:00","dateModified":"2026-09-03T14:49:53+00:00","breadcrumb":{"@id":"https:\/\/myice.hockey\/fr\/deb-head-of-coaches\/#breadcrumb"},"inLanguage":"fr-FR","potentialAction":[{"@type":"ReadAction","target":["https:\/\/myice.hockey\/fr\/deb-head-of-coaches\/"]}]},{"@type":"BreadcrumbList","@id":"https:\/\/myice.hockey\/fr\/deb-head-of-coaches\/#breadcrumb","itemListElement":[{"@type":"ListItem","position":1,"name":"Home","item":"https:\/\/myice.hockey\/fr\/"},{"@type":"ListItem","position":2,"name":"DEB Head of Coaches"}]},{"@type":"WebSite","@id":"https:\/\/myice.hockey\/fr\/#website","url":"https:\/\/myice.hockey\/fr\/","name":"My Ice Hockey","description":"My Ice Hockey - From Coach to Coach","publisher":{"@id":"https:\/\/myice.hockey\/fr\/#organization"},"potentialAction":[{"@type":"SearchAction","target":{"@type":"EntryPoint","urlTemplate":"https:\/\/myice.hockey\/fr\/?s={search_term_string}"},"query-input":"required name=search_term_string"}],"inLanguage":"fr-FR"},{"@type":"Organization","@id":"https:\/\/myice.hockey\/fr\/#organization","name":"myice hockey","url":"https:\/\/myice.hockey\/fr\/","logo":{"@type":"ImageObject","inLanguage":"fr-FR","@id":"https:\/\/myice.hockey\/fr\/#\/schema\/logo\/image\/","url":"https:\/\/myice.hockey\/wp-content\/uploads\/logo-header.png","contentUrl":"https:\/\/myice.hockey\/wp-content\/uploads\/logo-header.png","width":440,"height":508,"caption":"myice hockey"},"image":{"@id":"https:\/\/myice.hockey\/fr\/#\/schema\/logo\/image\/"},"sameAs":["https:\/\/www.facebook.com\/MyIceHockey\/","https:\/\/twitter.com\/myicehockey","https:\/\/www.instagram.com\/myicehockey\/","https:\/\/www.youtube.com\/channel\/UC46lQwPzfjtjxZ20LjcgiNA\/featured"]},{"@type":"Person","@id":"https:\/\/myice.hockey\/fr\/#\/schema\/person\/20e4edc855bbd8f42c0099cf42e3e696","name":"Elena Petrova","image":{"@type":"ImageObject","inLanguage":"fr-FR","@id":"https:\/\/myice.hockey\/fr\/#\/schema\/person\/image\/","url":"https:\/\/secure.gravatar.com\/avatar\/8ceb29a62bafa772f866079b23170f6b?s=96&d=mm&r=g","contentUrl":"https:\/\/secure.gravatar.com\/avatar\/8ceb29a62bafa772f866079b23170f6b?s=96&d=mm&r=g","caption":"Elena Petrova"},"url":"https:\/\/myice.hockey\/fr\/author\/elena\/"}]}},"_links":{"self":[{"href":"https:\/\/myice.hockey\/fr\/wp-json\/wp\/v2\/posts\/41055"}],"collection":[{"href":"https:\/\/myice.hockey\/fr\/wp-json\/wp\/v2\/posts"}],"about":[{"href":"https:\/\/myice.hockey\/fr\/wp-json\/wp\/v2\/types\/post"}],"author":[{"embeddable":true,"href":"https:\/\/myice.hockey\/fr\/wp-json\/wp\/v2\/users\/9"}],"replies":[{"embeddable":true,"href":"https:\/\/myice.hockey\/fr\/wp-json\/wp\/v2\/comments?post=41055"}],"version-history":[{"count":1,"href":"https:\/\/myice.hockey\/fr\/wp-json\/wp\/v2\/posts\/41055\/revisions"}],"predecessor-version":[{"id":41059,"href":"https:\/\/myice.hockey\/fr\/wp-json\/wp\/v2\/posts\/41055\/revisions\/41059"}],"wp:featuredmedia":[{"embeddable":true,"href":"https:\/\/myice.hockey\/fr\/wp-json\/wp\/v2\/media\/41050"}],"wp:attachment":[{"href":"https:\/\/myice.hockey\/fr\/wp-json\/wp\/v2\/media?parent=41055"}],"wp:term":[{"taxonomy":"category","embeddable":true,"href":"https:\/\/myice.hockey\/fr\/wp-json\/wp\/v2\/categories?post=41055"},{"taxonomy":"post_tag","embeddable":true,"href":"https:\/\/myice.hockey\/fr\/wp-json\/wp\/v2\/tags?post=41055"}],"curies":[{"name":"wp","href":"https:\/\/api.w.org\/{rel}","templated":true}]}}